{"id":547,"date":"2025-08-20T12:46:05","date_gmt":"2025-08-20T12:46:05","guid":{"rendered":"https:\/\/www.wordalive.net\/?p=547"},"modified":"2025-08-20T12:51:34","modified_gmt":"2025-08-20T12:51:34","slug":"det-basta-vinet-har-sparats-till-sist","status":"publish","type":"post","link":"https:\/\/www.wordalive.net\/se\/det-basta-vinet-har-sparats-till-sist\/","title":{"rendered":"Det b\u00e4sta vinet har sparats till sist"},"content":{"rendered":"\n<p><em>\u201dP\u00e5 tredje dagen var det br\u00f6llop i Kana i Galil\u00e9en\u2026\u201d<\/em>, Johannes 2:1<\/p>\n\n\n\n<p>Tusen \u00e5r \u00e4r som en dag f\u00f6r Herren. Vi \u00e4r p\u00e5 den tredje dagen fr\u00e5n den f\u00f6rsta Andeutgjutelsen. Ett br\u00f6llop \u00e4r p\u00e5 g\u00e5ng.<\/p>\n\n\n\n<p><em>\u201dJesus sade: \u2019Fyll krukorna med vatten!\u2019 Och de fyllde dem \u00e4nda till br\u00e4dden.&nbsp;Sedan sade han: \u2019\u00d6s nu upp och b\u00e4r in det till v\u00e4rden.\u2019 Och de gjorde det.&nbsp;V\u00e4rden smakade p\u00e5 <strong>vattnet, som nu hade blivit vin<\/strong>, och han visste inte varifr\u00e5n det kom. Men tj\u00e4narna som hade \u00f6st upp vattnet visste det. V\u00e4rden kallade d\u00e4rf\u00f6r p\u00e5 brudgummen och sade: \u2019Varenda m\u00e4nniska s\u00e4tter f\u00f6rst fram det goda vinet, och det som \u00e4r s\u00e4mre n\u00e4r g\u00e4sterna b\u00f6rjar bli druckna. Du har sparat <\/em><strong><em>det b\u00e4sta vinet <\/em><\/strong><em>till sist.\u2019 Detta var det f\u00f6rsta av de tecken som Jesus gjorde. Han gjorde det i Kana i Galileen och <\/em><strong><em>uppenbarade sin h\u00e4rlighet<\/em><\/strong><em>\u2026\u201d <\/em>Johannes 3:7-11<\/p>\n\n\n\n<p>K\u00e4rlen i Kristi kropp har fyllts p\u00e5 med vatten i 2000 \u00e5r. Nu, p\u00e5 det tredje \u00e5rtusendet, p\u00e5 den tredje dagen, h\u00e5ller krukorna p\u00e5 att fyllas till br\u00e4dden. N\u00e4r man \u00e4r fylld till br\u00e4dden finns det inte l\u00e4ngre plats f\u00f6r n\u00e5got annat. D\u00e5 f\u00f6rvandlas ordets vatten i dig till vin och den f\u00f6rdolda h\u00e4rligheten uppenbaras.&nbsp;<\/p>\n\n\n\n<p>P\u00e5 f\u00f6rsamlingens f\u00f6rsta dag, pingstdagen, utgj\u00f6ts det goda vinet. Men en ny niv\u00e5 av h\u00e4rlighet \u00e4r p\u00e5 v\u00e4g: p\u00e5 den tredje dagen s\u00e4tts det b\u00e4sta vinet fram i Guds folk. Innan det oblandade vinet av Guds vrede h\u00e4lls i vredesb\u00e4gare f\u00f6r att drickas upp av dem som f\u00f6rkastar Guds n\u00e5d och sanning (Uppenbarelseboken 14:10, Jeremia 25:15), utgjuts det oblandade vinet av Guds k\u00e4rlek och h\u00e4rlighet i full kraft \u00f6ver de heliga. Det b\u00e4sta vinet har sparats till sist!<\/p>\n\n\n\n<p>\u201d<em>Jag anser att den h\u00e4r tidens lidanden \u00e4r inte v\u00e4rda att j\u00e4mf\u00f6ras med den <\/em><strong><em>h\u00e4rlighet<\/em><\/strong><em> som <strong>kommer att u<\/strong><\/em><strong><em>ppenbaras i oss<\/em><\/strong><em>.&nbsp;F\u00f6r skapelsens ivriga f\u00f6rv\u00e4ntan \u00e4r att Guds s\u00f6ner skall uppenbaras. Skapelsen har ju blivit lagd under f\u00f6rg\u00e4ngelsen, inte av egen vilja utan genom honom som lade den d\u00e4runder, men \u00e4nd\u00e5 i hopp om&nbsp;att ocks\u00e5 skapelsen skall befrias fr\u00e5n sitt slaveri under f\u00f6rg\u00e4ngelsen in i Guds barns h\u00e4rliga frihet.&nbsp;Vi vet att hela skapelsen samf\u00e4llt v\u00e5ndas under f\u00f6dslov\u00e4rkar upp till nu.&nbsp;Och inte bara den, utan ocks\u00e5 vi som har f\u00e5tt Anden som f\u00f6rstlingsfrukt,&nbsp;<strong>ocks\u00e5 vi suckar inom oss och v\u00e4ntar p\u00e5 barnaskapet, <\/strong><\/em><strong><em>v\u00e5r kropps f\u00f6rlossning.<\/em><\/strong><em>\u201d <\/em>Romarbrevet 8:18-23 AMP<\/p>\n\n\n\n<p><em>\u201dGenom Guds kraft blir ni genom tron <strong>bevarade till den <\/strong><\/em><strong><em>fr\u00e4lsning<\/em><\/strong><em> som \u00e4r <\/em><strong><em>redo att bli uppenbarad<\/em><\/strong><em> i den sista tiden.\u201d <\/em>1Petrus 1:5<\/p>\n\n\n\n<p>Guds rike \u00e4r h\u00e4r och nu, men vi har \u00e4nd\u00e5 inte n\u00e5tt fram till m\u00e5let \u00e4n. Evangelium \u00e4r Guds kraft till fr\u00e4lsning. Ingen kraft, ingen fr\u00e4lsning. Det \u00e4r ocks\u00e5 enbart Guds kraft som kan bevara oss hela v\u00e4gen. Ingen kraft, inget bevarande. Det \u00e4r samtidigt inte meningen att endast bli bevarad; tiden har kommit f\u00f6r uppenbarelse och manifestation. Bibelns sista bok heter Jesu Kristi uppenbarelse &#8211; allt slutar med hans uppenbarelse och manifestation. Och n\u00e4r han uppenbaras, uppenbaras ocks\u00e5 hans egna: <em>\u201dN\u00e4r Kristus, han som \u00e4r v\u00e5rt liv, uppenbaras, d\u00e5 ska <\/em><strong><em>ni ocks\u00e5 uppenbaras med honom i h\u00e4rlighet<\/em><\/strong><em>.\u201d,<\/em> Kol. 3:4. Fr\u00e4lsningens fulla h\u00e4rlighet \u00e4r redo att bli uppenbarad i dem som tillh\u00f6r Jesus!<\/p>\n\n\n\n<p>Petrus, Paulus och de f\u00f6rsta kristna hade Andens f\u00f6rstlingsfrukt, och det har vi ocks\u00e5. Vi har gudomens hela fullhet i Kristus och som Guds s\u00f6ner \u00e4r vi en avbild av hans v\u00e4sen (Kol. 2:9-10; Hebr. 1:3). V\u00e5rt liv \u00e4r dock fortfarande dolt med Kristus i Gud (Kol. 3:3), s\u00e5 att vi suckar inom oss och v\u00e4ntar fortfarande p\u00e5 n\u00e5got, som Paulus skrev. Vad v\u00e4ntade Paulus suckande p\u00e5? Den slutgiltiga adoptionen i kroppens f\u00f6rlossning och f\u00f6rh\u00e4rligandet i Kristus! Vad den f\u00f6rsta f\u00f6rsamlingen v\u00e4ntade p\u00e5 kommer den sista f\u00f6rsamlingen att uppn\u00e5 &#8211; kroppens fr\u00e4lsning! 2000 \u00e5r har g\u00e5tt och tiden f\u00f6r det slutgiltiga fullbordandet av Guds ord har kommit: <em>\u201d\u2026f\u00f6r Herren ska <strong>utf\u00f6ra sitt ord<\/strong> p\u00e5 jorden <\/em><strong><em>fullt ut<\/em><\/strong><em> och utan dr\u00f6jsm\u00e5l\u201d<\/em>, Romarbrevet 9:28 AMP.s<\/p>\n\n\n\n<p>\u00c4ven Romarbrevet 8:11 kommer att uppfyllas:<\/p>\n\n\n\n<p><em>\u201dOch om hans Ande som uppv\u00e4ckte Jesus fr\u00e5n de d\u00f6da bor i er, d\u00e5 skall han som uppv\u00e4ckte Kristus fr\u00e5n de d\u00f6da <\/em><strong><em>g\u00f6ra<\/em><\/strong><em> ocks\u00e5 <\/em><strong><em>era d\u00f6dliga kroppar levande<\/em><\/strong><em> genom sin Ande som bor i er.\u201d<\/em><\/p>\n\n\n\n<p>Liv f\u00f6r en d\u00f6dlig kropp \u00e4r od\u00f6dlighet.&nbsp;<\/p>\n\n\n\n<p>Det gamla f\u00f6rbundets profeter och heliga kunde inte uppn\u00e5 fullkomlighet utan den f\u00f6rsta f\u00f6rsamlingens apostlar och heliga: <em>\u201dOch fast alla dessa hade f\u00e5tt ett gott vittnesb\u00f6rd genom tron, fick de inte l\u00f6ftet, f\u00f6r Gud hade f\u00f6rberett n\u00e5got b\u00e4ttre \u00e5t oss: att de skulle inte <\/em><strong><em>g\u00f6ras fullkomliga<\/em><\/strong><em> <strong>utan oss.<\/strong>\u201d <\/em>(Hebr. 11:39-40 NKJV) Men inte heller den f\u00f6rsta f\u00f6rsamlingens apostlar och heliga kunde n\u00e5 fram till den slutgiltiga fullkomligheten utan oss, den sista och f\u00f6rh\u00e4rligade f\u00f6rsamlingen. Den f\u00f6rsta f\u00f6rsamlingen fick f\u00f6rstlingsfrukten, men den sista f\u00f6rsamlingen \u00e4r en f\u00f6rh\u00e4rligad f\u00f6rsamling som n\u00e5r fram till fr\u00e4lsningens fulla uppenbarelse, \u00e4ven kroppens f\u00f6rlossning och od\u00f6dlighet. En f\u00f6rh\u00e4rligad brud reser sig f\u00f6r att m\u00f6ta Jesus i molnen utan att se d\u00f6den. Den sista fienden, d\u00f6den, besegras!<\/p>\n\n\n\n<p><em>\u201d\u2026f\u00f6r att han skulle g\u00f6ra k\u00e4nd sin h\u00e4rlighets rikedomar p\u00e5 barmh\u00e4rtighetens k\u00e4rl, som han <\/em><strong><em>i f\u00f6rv\u00e4g har berett f\u00f6r h\u00e4rlighet<\/em><\/strong><em>\u201d<\/em>, Rom. 9:23 NKJV<\/p>\n\n\n\n<p>Gud har i f\u00f6rv\u00e4g berett sitt folk f\u00f6r h\u00e4rlighet, men vi m\u00e5ste g\u00f6ra v\u00e5r del och f\u00f6rbereda oss sj\u00e4lva:&nbsp;<\/p>\n\n\n\n<p><em>\u201d\u2026f\u00f6r Lammets br\u00f6llop har kommit och hans brud har gjort sig redo.\u201d<\/em> Uppenbarelseboken 19:7b<\/p>\n\n\n\n<p><\/p>\n\n\n\n<hr class=\"wp-block-separator has-alpha-channel-opacity\"\/>\n\n\n\n<div style=\"height:11px\" aria-hidden=\"true\" class=\"wp-block-spacer\"><\/div>\n\n\n\n<div class=\"wp-block-buttons is-content-justification-center is-layout-flex wp-container-core-buttons-is-layout-098cc607 wp-block-buttons-is-layout-flex\">\n<div class=\"wp-block-button\"><a class=\"wp-block-button__link wp-element-button\" href=\"http:\/\/wordalive.net\/blog\">L\u00e4s mer<\/a><\/div>\n<\/div>\n\n\n\n<p><\/p>\n","protected":false},"excerpt":{"rendered":"<p>\u201dP\u00e5 tredje dagen var det br\u00f6llop i Kana i Galil\u00e9en\u2026\u201d, Johannes 2:1 Tusen \u00e5r \u00e4r som en dag f\u00f6r Herren. Vi \u00e4r p\u00e5 den tredje dagen fr\u00e5n den f\u00f6rsta Andeutgjutelsen. Ett br\u00f6llop \u00e4r p\u00e5 g\u00e5ng. \u201dJesus sade: \u2019Fyll krukorna med vatten!\u2019 Och de fyllde dem \u00e4nda till br\u00e4dden.&nbsp;Sedan sade han: \u2019\u00d6s nu upp och b\u00e4r [&hellip;]<\/p>\n","protected":false},"author":1,"featured_media":548,"comment_status":"open","ping_status":"open","sticky":false,"template":"","format":"standard","meta":{"footnotes":""},"categories":[7],"tags":[],"class_list":["post-547","post","type-post","status-publish","format-standard","has-post-thumbnail","hentry","category-fast"],"_links":{"self":[{"href":"https:\/\/www.wordalive.net\/se\/wp-json\/wp\/v2\/posts\/547","targetHints":{"allow":["GET"]}}],"collection":[{"href":"https:\/\/www.wordalive.net\/se\/wp-json\/wp\/v2\/posts"}],"about":[{"href":"https:\/\/www.wordalive.net\/se\/wp-json\/wp\/v2\/types\/post"}],"author":[{"embeddable":true,"href":"https:\/\/www.wordalive.net\/se\/wp-json\/wp\/v2\/users\/1"}],"replies":[{"embeddable":true,"href":"https:\/\/www.wordalive.net\/se\/wp-json\/wp\/v2\/comments?post=547"}],"version-history":[{"count":8,"href":"https:\/\/www.wordalive.net\/se\/wp-json\/wp\/v2\/posts\/547\/revisions"}],"predecessor-version":[{"id":566,"href":"https:\/\/www.wordalive.net\/se\/wp-json\/wp\/v2\/posts\/547\/revisions\/566"}],"wp:featuredmedia":[{"embeddable":true,"href":"https:\/\/www.wordalive.net\/se\/wp-json\/wp\/v2\/media\/548"}],"wp:attachment":[{"href":"https:\/\/www.wordalive.net\/se\/wp-json\/wp\/v2\/media?parent=547"}],"wp:term":[{"taxonomy":"category","embeddable":true,"href":"https:\/\/www.wordalive.net\/se\/wp-json\/wp\/v2\/categories?post=547"},{"taxonomy":"post_tag","embeddable":true,"href":"https:\/\/www.wordalive.net\/se\/wp-json\/wp\/v2\/tags?post=547"}],"curies":[{"name":"wp","href":"https:\/\/api.w.org\/{rel}","templated":true}]}}