{"id":43,"date":"2025-02-24T19:04:27","date_gmt":"2025-02-24T19:04:27","guid":{"rendered":"https:\/\/wordalive.net\/fordjupa-din-forstaelse-av-kristi-ord\/"},"modified":"2025-05-03T09:31:22","modified_gmt":"2025-05-03T09:31:22","slug":"den-har-varldens-ordning-gar-mot-sin-undergang","status":"publish","type":"post","link":"https:\/\/www.wordalive.net\/se\/den-har-varldens-ordning-gar-mot-sin-undergang\/","title":{"rendered":"Den h\u00e4r v\u00e4rldens ordning g\u00e5r mot sin underg\u00e5ng"},"content":{"rendered":"\n<p>F\u00f6r en tid sedan vaknade jag mitt i natten med ord som ringade inom mig: <em>\u201dDen h\u00e4r v\u00e4rldens form \u00e4r p\u00e5 v\u00e4g att f\u00f6rsvinna.\u201d<\/em> Detta h\u00f6rde jag p\u00e5 finska. Jag letade fram bibelst\u00e4llet och p\u00e5 svenska st\u00e5r det s\u00e5 h\u00e4r:<\/p>\n\n\n\n<p><em>\u201dMen det s\u00e4ger jag, syskon: Tiden \u00e4r kort, fr\u00e5n och med nu: L\u00e5t de som har hustrur leva som om de inte hade det, och de som gr\u00e5ter som om de inte gr\u00e4t, de som \u00e4r glada som om de inte var det, de som k\u00f6per n\u00e5got som om de inte fick beh\u00e5lla det, och de som brukar den h\u00e4r v\u00e4rlden som om de inte brukade den. <\/em><strong><em>Den h\u00e4r v\u00e4rldens ordning g\u00e5r n\u00e4mligen mot sin underg\u00e5ng.<\/em><\/strong><em>\u201d<\/em> 1Kor. 7:29-31 SKB<\/p>\n\n\n\n<p>Denna v\u00e4rlds\u00e5lder \u00e4r p\u00e5 v\u00e4g mot sitt slut och det finns bara lite tid kvar. Guds Andes sista utrop till &#8221;flyget&#8221;, den himmelska kallelsen i Jesus Kristus, har ekat l\u00e4nge. Han kallar oss att l\u00e5ta v\u00e5ra hj\u00e4rtan sl\u00e4ppa taget om allt som binder oss till den h\u00e4r v\u00e4rlden. Jesus sa att ett hj\u00e4rta fyllt av den h\u00e4r v\u00e4rldens sorger, bekymmer och rikedomar kan inte lyfta upp till Gud. N\u00e4r det v\u00e4l g\u00e4llde kunde Lots fru inte l\u00e5ta bli att se sig om, d\u00e4rf\u00f6r att osynliga band h\u00f6ll henne fast i det liv som hon skulle l\u00e4mna bakom sig. <em>&#8221;Ty d\u00e4r din skatt \u00e4r, d\u00e4r kommer ocks\u00e5 ditt hj\u00e4rta att vara&#8221;<\/em>, Matteus 6:21. Gud kallade Abraham att l\u00e4mna sitt land, sin sl\u00e4kt och sin faders hus &#8211; den trefaldiga navelstr\u00e4ngen m\u00e5ste klippas om man vill bli Himlens medborgare.&nbsp;<\/p>\n\n\n\n<p><em>\u201dIgen tog dj\u00e4vulen honom till ett mycket h\u00f6gt berg och visade alla v\u00e4rldens riken och deras prakt. Han sa till honom: \u2019Jag ger dig allt detta om du faller ner och tillber mig.\u2019\u201d<\/em> Matteus 4:8-9 SKB<\/p>\n\n\n\n<p><em>\u201dSex dagar senare tog Jesus med sig Petrus, Jakob och hans bror Johannes upp p\u00e5 ett h\u00f6gt berg d\u00e4r de kunde vara f\u00f6r sig sj\u00e4lva. D\u00e4r f\u00f6rvandlades (<strong>transformerades<\/strong>, CEB) hans utseende inf\u00f6r dem, hans ansikte lyste som solen, och hans kl\u00e4der blev vita som ljuset.\u201d<\/em> Matteus 17:1-2 SKB<\/p>\n\n\n\n<p>Det finns en tid d\u00e5 dj\u00e4vulen tar dig upp p\u00e5 ett berg f\u00f6r att visa sitt rikes glans, och en tid d\u00e5 Herren tar dig upp p\u00e5 ett annat berg f\u00f6r att uppenbara sin h\u00e4rlighet. Dj\u00e4vulen g\u00f6r sig till en ljusets \u00e4ngel och han kallas \u00e4ven Lucifer, ljusb\u00e4raren eller morgonstj\u00e4rnan, s\u00e5 han har sin egen h\u00e4rlighet som han lockar med. Han visar p\u00e5 det yttre, det som syns f\u00f6r \u00f6gat, f\u00f6r att tilltala m\u00e4nniskans sinnen och den fallna naturens beg\u00e4r och ambitioner. Men det ljus som han har och som han har f\u00f6rblindat m\u00e4nskligheten med \u00e4r m\u00f6rker, och <em>\u201d\u2026om nu ljuset inom dig \u00e4r f\u00f6rm\u00f6rkat, hur djupt \u00e4r d\u00e5 inte m\u00f6rkret!\u201d<\/em>, Matteus 6:23 SKB.<\/p>\n\n\n\n<p>Kristus d\u00e4remot visar sin osynliga h\u00e4rlighet och sanna natur till dem som kommer honom n\u00e4ra, inte genom naturliga sinnen utan i hj\u00e4rtat. F\u00f6r det naturliga sinnet \u00e4r hans dragningskraft svagt som Jesaja profeterade: <em>\u201dN\u00e4r vi s\u00e5g honom var hans utseende inte tilldragande. Han var f\u00f6raktad och \u00f6vergiven av m\u00e4nniskor\u2026\u201d <\/em>Jes. 53:1-2 SFB98<\/p>\n\n\n\n<p>Samma g\u00e4ller \u00e4ven de falska och de \u00e4kta tj\u00e4nare i Guds rike. \u201d<em>Det \u00e4r vi som \u00e4r de omskurna, vi som <strong>tj\u00e4nar Gud genom hans Ande<\/strong> och har v\u00e5r \u00e4ra i Kristus Jesus och <strong>inte f\u00f6rlitar oss p\u00e5 k\u00f6ttet<\/strong>\u2026\u201d<\/em>, Fil. 3:3 SKB. Kristi h\u00e4rlighet manifesteras i hans tj\u00e4nare, inte i k\u00f6ttslig styrka eller visdom, utan genom Andens visdom och kraft, genom under, tecken och ett sinnelag som Jesus har. <em>\u201dJesus fr\u00e5n Nasaret var en man som <strong>Gud bek\u00e4nde sig till<\/strong> inf\u00f6r er genom kraftg\u00e4rningar, under och tecken\u2026\u201d<\/em> Ap.g. 2:22. <em>\u201d<strong>Gud gav ocks\u00e5 sitt vittnesb\u00f6rd<\/strong> genom tecken och under och olika kraftg\u00e4rningar och genom att dela ut den Helige Ande efter sin vilja.\u201d<\/em> Hebr. 2:4 SKB&nbsp;<em>&#8221;<strong>Var s\u00e5 till sinnes som Jesus Kristus var.<\/strong>&#8221;<\/em> Fil. 2:5<\/p>\n\n\n\n<p>Likt sin far fokuserar de falska tj\u00e4narna p\u00e5 det jordiska och bygger p\u00e5 sina religi\u00f6sa imperium f\u00f6r att kunna visa upp sina riken och deras prakt. &#8221;Vi har s\u00e5 h\u00e4r m\u00e5nga medlemmar, s\u00e5 m\u00e5nga f\u00f6rsamlingar och filialer, dessa program, s\u00e5 h\u00e4r fina byggnader, s\u00e5 mycket av det ena och det andra&#8230;&#8221; &#8211; men de kan inte leva som Jesus levde. Jesu \u00f6dmjukhet och natur \u00e4r inte synlig i dem och de kan inte p\u00e5 ett verkligt s\u00e4tt hj\u00e4lpa dem som \u00e4r i n\u00f6d, befria de f\u00e5ngna, \u00f6ppna de blindas \u00f6gon, bota de sjuka, f\u00f6r Gud bek\u00e4nner sig inte till dem. De <em>&#8221;vandrar som fiender till Kristi kors. De kommer att sluta i f\u00f6rd\u00e4rvet. De har buken till sin gud och s\u00e4tter sin \u00e4ra i det som \u00e4r deras skam, dessa som bara t\u00e4nker p\u00e5 det jordiska&#8221;<\/em>, Fil. 3:18-19 SKB<\/p>\n\n\n\n<p>Den h\u00e4r v\u00e4rlden \u00e4r i den ondes v\u00e5ld, och dess riken och prakt har han alltid visat upp f\u00f6r att f\u00f6rf\u00f6ra m\u00e4nniskan till f\u00f6rd\u00e4rvet. Men den h\u00e4r v\u00e4rldens form, dess ordning, h\u00e5ller p\u00e5 att f\u00f6rsvinna och g\u00e5 mot sitt slut. En transformation och en metamorfos h\u00e5ller p\u00e5 att ske. Den synliga v\u00e4rldens tid rinner ut och den osynliga Gudens h\u00e4rlighet uppenbaras. Det som skedde p\u00e5 berget enbart inf\u00f6r Petrus, Jakob och Johannes, kommer att manifesteras inf\u00f6r allt folk.<\/p>\n\n\n\n<p>N\u00e4r Gud genom Moses startade lagens tids\u00e5lder, gjorde Han v\u00e4ldiga under och tecken i Egypten, s\u00e5 att hela den d\u00e5varande v\u00e4rlden fick h\u00f6ra om dem. I \u00f6knen ledde Han folket genom en molnstod om dagen och en eldstod om natten. Gud visade sin helighet och h\u00e4rlighet \u00f6ppet, och d\u00e4rmed manifesterades \u00e4ven hans domar omedelbart: <em>\u201dOch eld gick ut fr\u00e5n Herren och slukade dem och de dog inf\u00f6r Herrens ansikte. D\u00e5 sa Mose till Aron: \u2019Detta \u00e4r vad Herren talade och sa: Jag blir helgad i dem som kommer n\u00e4ra mig och inf\u00f6r hela folkets ansikte ska jag f\u00f6rh\u00e4rligas.\u2019\u201d<\/em> 3Mos. 10:2-3<\/p>\n\n\n\n<p>Lagens tids\u00e5lder tog slut i Kristus:<em> \u201dLagen och profeterna hade sin tid fram till Johannes. Sedan dess predikas evangeliet om Guds rike, och var och en uppmanas entr\u00e4get att komma in.\u201d<\/em> Lukas 16:16<\/p>\n\n\n\n<p>Fr\u00e5n och med Kristus har vi varit i en tid d\u00e4r Guds h\u00e4rlighet och eld har flyttat fr\u00e5n utsidan till insidan. Elden faller inte l\u00e4ngre p\u00e5 altaret p\u00e5 ett synligt s\u00e4tt, s\u00e5 som det h\u00e4nde f\u00f6r Mose, David, Salomo och Elia. Guds h\u00e4rlighet uppenbarar sig inte l\u00e4ngre fysiskt i tabernaklet eller templet. Nu faller Guds eld i m\u00e4nniskans hj\u00e4rta och h\u00e4rligheten uppenbaras i hennes ande. Man kan inte l\u00e4ngre se Guds h\u00e4rlighet fr\u00e5n utsidan genom naturliga \u00f6gon. Ingen m\u00e4nniska kan l\u00e4ngre g\u00e5 in i det allra heligaste f\u00f6r n\u00e5gon annan, s\u00e5 som \u00f6verstepr\u00e4sten gjorde. Nu finns det bara en medlare mellan Gud och m\u00e4nniskor, en m\u00e4nniska, Kristus Jesus, och alla uppmanas nu att komma <strong>in <\/strong>i<strong> <\/strong>Guds rike f\u00f6r sig sj\u00e4lva!<\/p>\n\n\n\n<p><em>\u201dDet som \u00e4r har redan varit. Det som kommer att h\u00e4nda har ocks\u00e5 h\u00e4nt f\u00f6rut. Gud kallar fram det f\u00f6rflutna.\u201d<\/em> Predikaren 3:15&nbsp;<\/p>\n\n\n\n<p>Cirklen sluts; tiden f\u00f6r Guds synliga h\u00e4rlighet och domar \u00e4r p\u00e5 v\u00e4g tillbaka. Under n\u00e5dens tids\u00e5lder har var och en uppmanats att komma in sj\u00e4lva, men nu h\u00e5ller n\u00e5datiden p\u00e5 att rinna ut och d\u00f6rren till arken \u00e4r p\u00e5 v\u00e4g att st\u00e4ngas. N\u00e4r Noa g\u00e5r in i arken l\u00e5ter Gud regna p\u00e5 jorden, den h\u00e4r g\u00e5ngen inte vatten utan eld, och den h\u00e4r v\u00e4rldens form f\u00f6rvandlas. N\u00e4r metall hettas up i eld sm\u00e4lter den och f\u00f6rvandlas till en forml\u00f6s klump. Den som har elden i sin makt kan sedan forma n\u00e5got nytt av klumpen. N\u00e4r elden av Guds dom har gjort sitt p\u00e5 jorden, skapar Gud en ny himmel och ny jord d\u00e4r r\u00e4ttf\u00e4rdigheten bor. D\u00e5 har en slutgiltig transformation skett. <\/p>\n\n\n\n<p>Nu n\u00e4r vi ser att alltings slut n\u00e4rmar sig, g\u00e4ller det att <em>&#8221;&#8230;l\u00e4gga bort allt som tynger och s\u00e4rskilt synden som sn\u00e4rjer oss s\u00e5 l\u00e4tt, och l\u00f6pa uth\u00e5lligt i det lopp vi har framf\u00f6r oss.&#8221; <\/em>(Hebr. 12:1)<\/p>\n\n\n\n<div class=\"wp-block-buttons is-content-justification-center is-layout-flex wp-container-core-buttons-is-layout-a89b3969 wp-block-buttons-is-layout-flex\">\n<div class=\"wp-block-button\"><a class=\"wp-block-button__link wp-element-button\" href=\"https:\/\/www.wordalive.net\/se\/blog\/\">L\u00e4s mer<\/a><\/div>\n<\/div>\n","protected":false},"excerpt":{"rendered":"<p>F\u00f6r en tid sedan vaknade jag mitt i natten med ord som ringade inom mig: \u201dDen h\u00e4r v\u00e4rldens form \u00e4r p\u00e5 v\u00e4g att f\u00f6rsvinna.\u201d Detta h\u00f6rde jag p\u00e5 finska. Jag letade fram bibelst\u00e4llet och p\u00e5 svenska st\u00e5r det s\u00e5 h\u00e4r: \u201dMen det s\u00e4ger jag, syskon: Tiden \u00e4r kort, fr\u00e5n och med nu: L\u00e5t de som [&hellip;]<\/p>\n","protected":false},"author":1,"featured_media":109,"comment_status":"open","ping_status":"open","sticky":false,"template":"","format":"standard","meta":{"footnotes":""},"categories":[7],"tags":[],"class_list":["post-43","post","type-post","status-publish","format-standard","has-post-thumbnail","hentry","category-fast"],"_links":{"self":[{"href":"https:\/\/www.wordalive.net\/se\/wp-json\/wp\/v2\/posts\/43","targetHints":{"allow":["GET"]}}],"collection":[{"href":"https:\/\/www.wordalive.net\/se\/wp-json\/wp\/v2\/posts"}],"about":[{"href":"https:\/\/www.wordalive.net\/se\/wp-json\/wp\/v2\/types\/post"}],"author":[{"embeddable":true,"href":"https:\/\/www.wordalive.net\/se\/wp-json\/wp\/v2\/users\/1"}],"replies":[{"embeddable":true,"href":"https:\/\/www.wordalive.net\/se\/wp-json\/wp\/v2\/comments?post=43"}],"version-history":[{"count":7,"href":"https:\/\/www.wordalive.net\/se\/wp-json\/wp\/v2\/posts\/43\/revisions"}],"predecessor-version":[{"id":518,"href":"https:\/\/www.wordalive.net\/se\/wp-json\/wp\/v2\/posts\/43\/revisions\/518"}],"wp:featuredmedia":[{"embeddable":true,"href":"https:\/\/www.wordalive.net\/se\/wp-json\/wp\/v2\/media\/109"}],"wp:attachment":[{"href":"https:\/\/www.wordalive.net\/se\/wp-json\/wp\/v2\/media?parent=43"}],"wp:term":[{"taxonomy":"category","embeddable":true,"href":"https:\/\/www.wordalive.net\/se\/wp-json\/wp\/v2\/categories?post=43"},{"taxonomy":"post_tag","embeddable":true,"href":"https:\/\/www.wordalive.net\/se\/wp-json\/wp\/v2\/tags?post=43"}],"curies":[{"name":"wp","href":"https:\/\/api.w.org\/{rel}","templated":true}]}}