{"id":255,"date":"2025-03-07T12:29:06","date_gmt":"2025-03-07T12:29:06","guid":{"rendered":"https:\/\/wordalive.net\/?p=255"},"modified":"2025-05-03T09:52:13","modified_gmt":"2025-05-03T09:52:13","slug":"synen-av-kristus","status":"publish","type":"post","link":"https:\/\/www.wordalive.net\/se\/synen-av-kristus\/","title":{"rendered":"Synen av Kristus"},"content":{"rendered":"\n<div class=\"wp-block-group alignfull has-background-background-color has-background has-global-padding is-layout-constrained wp-container-core-group-is-layout-fedc4f49 wp-block-group-is-layout-constrained\" style=\"margin-top:0;margin-bottom:0;padding-top:var(--wp--preset--spacing--40);padding-right:0;padding-bottom:var(--wp--preset--spacing--60)\">\n<div class=\"wp-block-group has-global-padding is-layout-constrained wp-block-group-is-layout-constrained\">\n<h1 class=\"wp-block-heading has-text-align-center has-x-large-font-size\" style=\"margin-top:0;margin-bottom:1rem\"><\/h1>\n\n\n\n<p><em>\u201dNi d\u00e5raktiga galater! Vem har f\u00f6rtrollat \u200b\u200ber att ni inte skulle lyda sanningen, inf\u00f6r vars \u00f6gon Jesus Kristus <strong>tydligt<\/strong> framst\u00e4lldes bland er som korsf\u00e4st?\u201d<\/em> Gal. 3:1, NKJV<\/p>\n\n\n\n<p>Kristus formas i mig enligt min syn p\u00e5 honom. Den Jesus jag ser \u00e4r den Jesus som jag avspeglar. Det \u00e4r av yttersta vikt att min andliga syn \u00e4r skarp, s\u00e5 att jag ser honom tydligt.<\/p>\n\n\n\n<p>Fr\u00e4mmande l\u00e4ror blockerade synf\u00e4ltet mellan galaterna och Kristus. Genom sin felaktiga undervisning b\u00f6rjade judaisterna \u00e5terigen v\u00e4va ihop det separerande f\u00f6rh\u00e4nget som Jesus genom sin d\u00f6d hade undanr\u00f6jt. F\u00f6ljaktligen f\u00f6rs\u00e4mrades galaternas syn p\u00e5 Kristus och deras f\u00f6rm\u00e5ga att vandra i Anden genom tro st\u00f6rdes. D\u00e4rmed b\u00f6rjade Kristi gestalt i dem att blekna.<\/p>\n\n\n\n<p>Satan vill plantera fr\u00e4mmande l\u00e4ror, tvivel och f\u00f6rvirrande tankar i ditt sinne i ett f\u00f6rs\u00f6k att f\u00f6rdunkla din andliga syn, och genom det f\u00e5 dig att falla av fr\u00e5n Kristus. Guds ord \u00e4r det levande br\u00f6det; n\u00e4r du \u00e4ter det och n\u00e4r det genom tron sm\u00e4lter samman med dig, f\u00f6rvandlar det dig till Kristi avbild. P\u00e5 samma s\u00e4tt, om du lyssnar p\u00e5 och tar till dig de ord som dj\u00e4vulen injicerar i ditt sinne \u2013 den h\u00e4r v\u00e4rldens visdom, ideologier och m\u00e4nniskors \u00e5sikter \u2013 \u00f6ppnar de dina andliga \u00f6gon f\u00f6r hans verklighet och b\u00f6rjar forma dig till hans likhet.&nbsp;<\/p>\n\n\n\n<p><em>\u201dMen jag \u00e4r r\u00e4dd f\u00f6r att liksom ormen med sin list bedrog Eva, s\u00e5 skall ocks\u00e5 era sinnen f\u00f6rd\u00e4rvas och v\u00e4ndas bort fr\u00e5n den uppriktiga och rena troheten mot Kristus. \u201d<\/em> 2 Kor. 11:3<\/p>\n\n\n\n<p>Eva \u00e5t f\u00f6rst ormens ord och sedan sj\u00e4lva frukten i Edens lustg\u00e5rd. Saker sker f\u00f6rst i anden och sedan i den synliga verkligheten. N\u00e4r Adam och Eva \u00e5t ormens ord, \u00f6ppnades deras \u00f6gon f\u00f6r hans verklighet. S\u00e5 b\u00e5de Guds och dj\u00e4vulens ord \u00f6ppnar m\u00e4nniskans \u00f6gon till att se saker ur deras perspektiv. D\u00e4rf\u00f6r \u00e4r det s\u00e5 viktigt att vaka \u00f6ver vems ord man lyssnar p\u00e5 och tar till sig.<\/p>\n\n\n\n<p>Eftersom Satan kan komma f\u00f6rkl\u00e4dd som en ljusets \u00e4ngel \u00e4r f\u00f6rvandlingen fr\u00e5n Kristi likhet till Satans likhet n\u00f6dv\u00e4ndigtvis inte uppenbar. Galaterna f\u00f6ll inte i k\u00f6ttets synder men det f\u00f6rvr\u00e4ngda evangeliet gjorde Guds n\u00e5d och kraft ineffektiv i deras liv.<\/p>\n\n\n\n<p><em>\u201dVem \u00e4r denne som f\u00f6rdunklar mina syften med sina ord utan f\u00f6rst\u00e5else?\u201d<\/em> Job 38:2<\/p>\n\n\n\n<p>Dj\u00e4vulen vill f\u00f6rdunkla Guds vilja och syfte i ditt liv med sina ord. Till det anv\u00e4nder han andra m\u00e4nniskor, till och med de n\u00e4rmaste, som vi kan l\u00e4ra oss av konflikten mellan Petrus och Jesus:<\/p>\n\n\n\n<p><em>\u201dD\u00e5 tog Petrus honom \u00e5t sidan och b\u00f6rjade mots\u00e4ga honom: \u2019Gud \u00e4r n\u00e5dig mot dig, Herre. Detta ska aldrig h\u00e4nda dig.\u2019 Men Jesus v\u00e4nde sig om och sade till Petrus: \u2019G\u00e5 bort ifr\u00e5n mig, Satan! Du vill f\u00e5 mig p\u00e5 fall. Vad du t\u00e4nker \u00e4r inte Guds tankar utan m\u00e4nniskotankar.\u2019\u201d<\/em> Matteus 16:22-23<\/p>\n\n\n\n<p>S\u00e5 h\u00e5ll dig borta fr\u00e5n oandligt och tomt prat s\u00e5 att du inte kommer bort fr\u00e5n tron:<\/p>\n\n\n\n<p><em>\u201d\u2026v\u00e4nd dig bort fr\u00e5n det oandliga, tomma pratet och inv\u00e4ndningarna som kommer fr\u00e5n det som kallas kunskap utan att vara det. Somliga har kommit bort fr\u00e5n tron genom att bek\u00e4nna sig till den kunskapen.\u201d<\/em> 1 Tim. 6:20-21<\/p>\n\n\n\n<p class=\"has-text-align-left\">Som det var i begynnelsen, s\u00e5 \u00e4r det \u00e4n idag. Dj\u00e4vulen f\u00f6rs\u00f6ker s\u00e5 ogr\u00e4s bland vetet f\u00f6r att f\u00f6rd\u00e4rva den troendes sinne, tankar och tro. Men n\u00e4r du k\u00e4nner till hans taktik kan du st\u00e5 emot honom fast i tron, s\u00e5 att han flyr bort ifr\u00e5n dig!<\/p>\n<\/div>\n\n\n\n<hr class=\"wp-block-separator has-alpha-channel-opacity is-style-dots\" style=\"margin-bottom:var(--wp--preset--spacing--60)\"\/>\n\n\n\n<div class=\"wp-block-buttons is-content-justification-center is-layout-flex wp-container-core-buttons-is-layout-a89b3969 wp-block-buttons-is-layout-flex\">\n<div class=\"wp-block-button\"><a class=\"wp-block-button__link wp-element-button\" href=\"https:\/\/www.wordalive.net\/se\/blog\/\">L\u00e4s mer<\/a><\/div>\n<\/div>\n<\/div>\n","protected":false},"excerpt":{"rendered":"<p>\u201dNi d\u00e5raktiga galater! Vem har f\u00f6rtrollat \u200b\u200ber att ni inte skulle lyda sanningen, inf\u00f6r vars \u00f6gon Jesus Kristus tydligt framst\u00e4lldes bland er som korsf\u00e4st?\u201d Gal. 3:1, NKJV Kristus formas i mig enligt min syn p\u00e5 honom. Den Jesus jag ser \u00e4r den Jesus som jag avspeglar. Det \u00e4r av yttersta vikt att min andliga syn [&hellip;]<\/p>\n","protected":false},"author":1,"featured_media":259,"comment_status":"open","ping_status":"open","sticky":false,"template":"","format":"standard","meta":{"footnotes":""},"categories":[8],"tags":[],"class_list":["post-255","post","type-post","status-publish","format-standard","has-post-thumbnail","hentry","category-medium"],"_links":{"self":[{"href":"https:\/\/www.wordalive.net\/se\/wp-json\/wp\/v2\/posts\/255","targetHints":{"allow":["GET"]}}],"collection":[{"href":"https:\/\/www.wordalive.net\/se\/wp-json\/wp\/v2\/posts"}],"about":[{"href":"https:\/\/www.wordalive.net\/se\/wp-json\/wp\/v2\/types\/post"}],"author":[{"embeddable":true,"href":"https:\/\/www.wordalive.net\/se\/wp-json\/wp\/v2\/users\/1"}],"replies":[{"embeddable":true,"href":"https:\/\/www.wordalive.net\/se\/wp-json\/wp\/v2\/comments?post=255"}],"version-history":[{"count":10,"href":"https:\/\/www.wordalive.net\/se\/wp-json\/wp\/v2\/posts\/255\/revisions"}],"predecessor-version":[{"id":522,"href":"https:\/\/www.wordalive.net\/se\/wp-json\/wp\/v2\/posts\/255\/revisions\/522"}],"wp:featuredmedia":[{"embeddable":true,"href":"https:\/\/www.wordalive.net\/se\/wp-json\/wp\/v2\/media\/259"}],"wp:attachment":[{"href":"https:\/\/www.wordalive.net\/se\/wp-json\/wp\/v2\/media?parent=255"}],"wp:term":[{"taxonomy":"category","embeddable":true,"href":"https:\/\/www.wordalive.net\/se\/wp-json\/wp\/v2\/categories?post=255"},{"taxonomy":"post_tag","embeddable":true,"href":"https:\/\/www.wordalive.net\/se\/wp-json\/wp\/v2\/tags?post=255"}],"curies":[{"name":"wp","href":"https:\/\/api.w.org\/{rel}","templated":true}]}}